{"id":36501,"date":"2026-04-30T07:00:43","date_gmt":"2026-04-30T12:00:43","guid":{"rendered":"https:\/\/xn--lavozdelamaanapuertomorelos-zuc.com\/?p=36501"},"modified":"2026-04-30T08:23:33","modified_gmt":"2026-04-30T13:23:33","slug":"capturan-en-venezuela-a-mujer-acusada-de-quitarle-la-vida-a-su-nuera-en-mexico","status":"publish","type":"post","link":"https:\/\/xn--lavozdelamaanapuertomorelos-zuc.com\/?p=36501","title":{"rendered":"Capturan en Venezuela a mujer acusada de quitarle la vida a su nuera en M\u00e9xico"},"content":{"rendered":"<p>\ud83d\udd38 Erika Mar\u00eda \u201cN\u201d, de 63 a\u00f1os, fue detenida en Caracas tras huir de M\u00e9xico; es se\u00f1alada de asesinar a Carolina Flores, de 27 a\u00f1os, en su departamento. Autoridades iniciaron el proceso de extradici\u00f3n<\/p>\n<p>&nbsp;<\/p>\n<p>#INTERNACIONAL | Erika Mar\u00eda \u201cN\u201d, de 63 a\u00f1os, fue detenida en Caracas, Venezuela, se\u00f1alada como la presunta responsable del feminicidio de su nuera, Carolina Flores G\u00f3mez, ocurrido el pasado 15 de abril en un departamento de la exclusiva zona de Polanco, en Ciudad de M\u00e9xico. La captura se logr\u00f3 tras la emisi\u00f3n de una ficha roja de Interpol, luego de que la mujer huyera del pa\u00eds v\u00eda Panam\u00e1. Actualmente permanece bajo custodia mientras avanzan los tr\u00e1mites para su extradici\u00f3n a M\u00e9xico.<\/p>\n<p>&nbsp;<\/p>\n<p>De acuerdo con la investigaci\u00f3n, la v\u00edctima, de 27 a\u00f1os, fue asesinada con seis disparos dentro de su vivienda, en un hecho que qued\u00f3 registrado por una c\u00e1mara de seguridad instalada en el lugar. En las im\u00e1genes se observa una discusi\u00f3n previa antes de que se escuchen las detonaciones.<\/p>\n<p>&nbsp;<\/p>\n<p>Fiscal\u00eda General de Justicia de la Ciudad de M\u00e9xico sostiene que existen elementos suficientes para vincular a la detenida con el crimen, que ha generado indignaci\u00f3n en las redes sociales.<\/p>\n","protected":false},"excerpt":{"rendered":"<p>\ud83d\udd38 Erika Mar\u00eda \u201cN\u201d, de 63 a\u00f1os, fue detenida en Caracas tras huir de M\u00e9xico; es se\u00f1alada de asesinar a Carolina Flores, de 27 a\u00f1os, en su departamento. Autoridades iniciaron el proceso de extradici\u00f3n &nbsp; #INTERNACIONAL | Erika Mar\u00eda \u201cN\u201d, de 63 a\u00f1os, fue detenida en Caracas, Venezuela, se\u00f1alada como la presunta responsable del feminicidio [&hellip;]<\/p>\n","protected":false},"author":2,"featured_media":36503,"comment_status":"open","ping_status":"closed","sticky":false,"template":"","format":"standard","meta":{"footnotes":""},"categories":[11],"tags":[],"class_list":["post-36501","post","type-post","status-publish","format-standard","has-post-thumbnail","hentry","category-internacional"],"_links":{"self":[{"href":"https:\/\/xn--lavozdelamaanapuertomorelos-zuc.com\/index.php?rest_route=\/wp\/v2\/posts\/36501","targetHints":{"allow":["GET"]}}],"collection":[{"href":"https:\/\/xn--lavozdelamaanapuertomorelos-zuc.com\/index.php?rest_route=\/wp\/v2\/posts"}],"about":[{"href":"https:\/\/xn--lavozdelamaanapuertomorelos-zuc.com\/index.php?rest_route=\/wp\/v2\/types\/post"}],"author":[{"embeddable":true,"href":"https:\/\/xn--lavozdelamaanapuertomorelos-zuc.com\/index.php?rest_route=\/wp\/v2\/users\/2"}],"replies":[{"embeddable":true,"href":"https:\/\/xn--lavozdelamaanapuertomorelos-zuc.com\/index.php?rest_route=%2Fwp%2Fv2%2Fcomments&post=36501"}],"version-history":[{"count":1,"href":"https:\/\/xn--lavozdelamaanapuertomorelos-zuc.com\/index.php?rest_route=\/wp\/v2\/posts\/36501\/revisions"}],"predecessor-version":[{"id":36502,"href":"https:\/\/xn--lavozdelamaanapuertomorelos-zuc.com\/index.php?rest_route=\/wp\/v2\/posts\/36501\/revisions\/36502"}],"wp:featuredmedia":[{"embeddable":true,"href":"https:\/\/xn--lavozdelamaanapuertomorelos-zuc.com\/index.php?rest_route=\/wp\/v2\/media\/36503"}],"wp:attachment":[{"href":"https:\/\/xn--lavozdelamaanapuertomorelos-zuc.com\/index.php?rest_route=%2Fwp%2Fv2%2Fmedia&parent=36501"}],"wp:term":[{"taxonomy":"category","embeddable":true,"href":"https:\/\/xn--lavozdelamaanapuertomorelos-zuc.com\/index.php?rest_route=%2Fwp%2Fv2%2Fcategories&post=36501"},{"taxonomy":"post_tag","embeddable":true,"href":"https:\/\/xn--lavozdelamaanapuertomorelos-zuc.com\/index.php?rest_route=%2Fwp%2Fv2%2Ftags&post=36501"}],"curies":[{"name":"wp","href":"https:\/\/api.w.org\/{rel}","templated":true}]}}