{"id":33747,"date":"2025-12-19T09:37:00","date_gmt":"2025-12-19T14:37:00","guid":{"rendered":"https:\/\/xn--lavozdelamaanapuertomorelos-zuc.com\/?p=33747"},"modified":"2026-02-06T09:38:21","modified_gmt":"2026-02-06T14:38:21","slug":"sat-solicitara-pago-de-51-mil-mdp-a-grupo-salinas-para-enero-de-2026-llama-a-cubrir-deudas-correspondientes","status":"publish","type":"post","link":"https:\/\/xn--lavozdelamaanapuertomorelos-zuc.com\/?p=33747","title":{"rendered":"SAT solicitar\u00e1 pago de 51 mil mdp a Grupo Salinas para enero de 2026; llama a cubrir deudas correspondientes"},"content":{"rendered":"\n<p>\ud83d\udd36\ufe0fAntonio Mart\u00ednez Dagnino, Titular del Servicio de Administraci\u00f3n Tributaria (SAT), inform\u00f3 sobre esta acci\u00f3n<\/p>\n\n\n\n<h1 class=\"wp-block-heading\">NACIONAL | Tras la reciente resoluci\u00f3n de la Suprema Corte de Justicia de la Naci\u00f3n (SCJN) en el caso de la deuda fiscal de&nbsp;Grupo Salinas, de&nbsp;Ricardo Salinas Pliego, Antonio Mart\u00ednez Dagnino, Titular del Servicio de Administraci\u00f3n Tributaria (SAT), inform\u00f3 que en enero de 2026 se requerir\u00e1 el pago por 51 mil millones de pesos conforme al C\u00f3digo Fiscal de la Federaci\u00f3n.<\/h1>\n\n\n\n<p>En breve m\u00e1s informaci\u00f3n\u2026<\/p>\n","protected":false},"excerpt":{"rendered":"<p>\ud83d\udd36\ufe0fAntonio Mart\u00ednez Dagnino, Titular del Servicio de Administraci\u00f3n Tributaria (SAT), inform\u00f3 sobre esta acci\u00f3n NACIONAL | Tras la reciente resoluci\u00f3n de la Suprema Corte de Justicia de la Naci\u00f3n (SCJN) en el caso de la deuda fiscal de&nbsp;Grupo Salinas, de&nbsp;Ricardo Salinas Pliego, Antonio Mart\u00ednez Dagnino, Titular del Servicio de Administraci\u00f3n Tributaria (SAT), inform\u00f3 que en [&hellip;]<\/p>\n","protected":false},"author":2,"featured_media":33748,"comment_status":"open","ping_status":"closed","sticky":false,"template":"","format":"standard","meta":{"footnotes":""},"categories":[3],"tags":[],"class_list":["post-33747","post","type-post","status-publish","format-standard","has-post-thumbnail","hentry","category-nacional"],"_links":{"self":[{"href":"https:\/\/xn--lavozdelamaanapuertomorelos-zuc.com\/index.php?rest_route=\/wp\/v2\/posts\/33747","targetHints":{"allow":["GET"]}}],"collection":[{"href":"https:\/\/xn--lavozdelamaanapuertomorelos-zuc.com\/index.php?rest_route=\/wp\/v2\/posts"}],"about":[{"href":"https:\/\/xn--lavozdelamaanapuertomorelos-zuc.com\/index.php?rest_route=\/wp\/v2\/types\/post"}],"author":[{"embeddable":true,"href":"https:\/\/xn--lavozdelamaanapuertomorelos-zuc.com\/index.php?rest_route=\/wp\/v2\/users\/2"}],"replies":[{"embeddable":true,"href":"https:\/\/xn--lavozdelamaanapuertomorelos-zuc.com\/index.php?rest_route=%2Fwp%2Fv2%2Fcomments&post=33747"}],"version-history":[{"count":1,"href":"https:\/\/xn--lavozdelamaanapuertomorelos-zuc.com\/index.php?rest_route=\/wp\/v2\/posts\/33747\/revisions"}],"predecessor-version":[{"id":33749,"href":"https:\/\/xn--lavozdelamaanapuertomorelos-zuc.com\/index.php?rest_route=\/wp\/v2\/posts\/33747\/revisions\/33749"}],"wp:featuredmedia":[{"embeddable":true,"href":"https:\/\/xn--lavozdelamaanapuertomorelos-zuc.com\/index.php?rest_route=\/wp\/v2\/media\/33748"}],"wp:attachment":[{"href":"https:\/\/xn--lavozdelamaanapuertomorelos-zuc.com\/index.php?rest_route=%2Fwp%2Fv2%2Fmedia&parent=33747"}],"wp:term":[{"taxonomy":"category","embeddable":true,"href":"https:\/\/xn--lavozdelamaanapuertomorelos-zuc.com\/index.php?rest_route=%2Fwp%2Fv2%2Fcategories&post=33747"},{"taxonomy":"post_tag","embeddable":true,"href":"https:\/\/xn--lavozdelamaanapuertomorelos-zuc.com\/index.php?rest_route=%2Fwp%2Fv2%2Ftags&post=33747"}],"curies":[{"name":"wp","href":"https:\/\/api.w.org\/{rel}","templated":true}]}}