{"id":33392,"date":"2025-12-14T11:00:00","date_gmt":"2025-12-14T16:00:00","guid":{"rendered":"https:\/\/xn--lavozdelamaanapuertomorelos-zuc.com\/?p=33392"},"modified":"2025-12-15T11:00:59","modified_gmt":"2025-12-15T16:00:59","slug":"senado-concreta-aranceles-a-productos-de-asia-preocupa-dependencia-de-insumos-chinos","status":"publish","type":"post","link":"https:\/\/xn--lavozdelamaanapuertomorelos-zuc.com\/?p=33392","title":{"rendered":"Senado concreta aranceles a productos de Asia; preocupa dependencia de insumos chinos"},"content":{"rendered":"\n<p>\ud83d\udd38Se aprob\u00f3 aplicar tarifas de 10% a 35% a m\u00e1s de mil mercanc\u00edas, como telas y zapatos; oposici\u00f3n advierte sobre afectaci\u00f3n a la cadena productiva<\/p>\n\n\n\n<h1 class=\"wp-block-heading\">INTERNACIONAL || El pleno del Senado aval\u00f3 ayer la reforma que permitir\u00e1 elevar aranceles a los productos de naciones de Asia y otras regiones con las que no se tienen acuerdos comerciales, que tendr\u00e1n que pagar tasas que van del 10% al 35 por ciento.<\/h1>\n\n\n\n<p>Productos como hilos, telas, zapatos, cremas, aluminio, son parte de los m\u00e1s de mil mercanc\u00edas que tendr\u00e1n que pagar este nuevo impuesto a partir del pr\u00f3ximo a\u00f1o, a partir de la aprobaci\u00f3n de la reforma por parte del pleno del Senado, con 76 votos en favor, cinco en contra emitidos por MC y 35 abstenciones que emitieron panistas, priistas y petistas.<\/p>\n\n\n\n<p>Oposici\u00f3n advierte sobre afectaci\u00f3n a la cadena productiva<br>La emecista Alejandra Barrales advirti\u00f3 que esta decisi\u00f3n afectar\u00e1 la cadena productiva en M\u00e9xico, por una decisi\u00f3n de tomar una definici\u00f3n en favor de Estados Unidos.<\/p>\n\n\n\n<p>Con esta propuesta arancelaria que se est\u00e1 haciendo, lo que M\u00e9xico estar\u00eda definiendo es con qui\u00e9n va a jugar, estar\u00eda tomando partido en una disputa que no se ve nada sencilla. Y nosotros no decimos que no haya que tomar definiciones, nos parece que tambi\u00e9n se vale tomar definiciones, pero teniendo claridad de cu\u00e1les son las consecuencias de estas definiciones.<\/p>\n\n\n\n<p>De ir hacia adelante con estos aranceles, nosotros ubicamos que van a encarecer la cadena productiva, porque nuestro pa\u00eds depende en mucho, en gran medida de insumos que hoy no podemos sustituir, sobre todo me refiero a la industria automotriz. M\u00e9xico no tiene, no est\u00e1 preparado en este momento para prescindir de estos insumos\u201d, afirm\u00f3.<\/p>\n\n\n\n<p>La priista Cristina Ruiz resalt\u00f3 que \u201cno es una decisi\u00f3n menor y tampoco es una decisi\u00f3n que debamos tomar bajo la ilusi\u00f3n de que los aranceles por s\u00ed solos podr\u00e1n reindustrializar al pa\u00eds.<\/p>\n\n\n\n<p>El debate exige claridad, exige honestidad y exige, sobre todo, reconocer el momento econ\u00f3mico que estamos atravesando, que reconozcamos que no es bueno, m\u00e1s que para los amigos ustedes de la 4T\u201d, dijo.<\/p>\n\n\n\n<p>Imelda Sanmiguel, del PAN, resalt\u00f3 que \u201cla aprobaci\u00f3n de una reforma tan importante como \u00e9sta, requer\u00eda tener m\u00e1s certezas y menos incertidumbres. Establecer aranceles sin tener seguridad de las redes de proveedores, genera la posibilidad de productos con desabasto, de que suban los costos y que ello interrumpe o afecte cadenas de producci\u00f3n esenciales para M\u00e9xico.<\/p>\n\n\n\n<p>Es posible que se encarezcan insumos importados, aumentando los costos a las industrias mexicanas que dependen de esos bienes, lo que puede repercutir en aumento de precios a los consumidores finales. Repito, las reformas del gobierno las hacen siempre con prisas, mal hechas y con poca seriedad, pero eso ya es costumbre de ustedes senadores de Morena\u201d, afirm\u00f3.<\/p>\n\n\n\n<p>Waldo Fern\u00e1ndez, del Partido Verde, dijo que \u201cM\u00e9xico necesita una pol\u00edtica comercial que proteja lo que somos, pero que tambi\u00e9n nos permita convertirnos en lo que aspiramos hacer, una pol\u00edtica que respalde nuestras industrias garantice condiciones justas, mantenga la competitividad regional, pero, sobre todo, le d\u00e9 certidumbre a la inversi\u00f3n.<\/p>\n\n\n\n<p>Una pol\u00edtica que no sacrifique los intereses nacionales frente a pr\u00e1cticas desleales, pero que tampoco cierre las puertas al comercio leg\u00edtimo y responsable. El dictamen que hoy debatimos avanza justamente en ese sentido, en esa direcci\u00f3n, en esa pol\u00edtica p\u00fablica, no renuncia, de ninguna manera, a la integraci\u00f3n econ\u00f3mica global, la fortalece dotando de reglas claras al comercio leg\u00edtimo y responsable, permite reglas m\u00e1s equilibradas, no ignora a los sectores productivos, los escucha, los entiende y act\u00faa en consecuencia\u201d, precis\u00f3.<\/p>\n\n\n\n<p>La reforma se turn\u00f3 al Ejecutivo federal para su entrada en vigor.<\/p>\n","protected":false},"excerpt":{"rendered":"<p>\ud83d\udd38Se aprob\u00f3 aplicar tarifas de 10% a 35% a m\u00e1s de mil mercanc\u00edas, como telas y zapatos; oposici\u00f3n advierte sobre afectaci\u00f3n a la cadena productiva INTERNACIONAL || El pleno del Senado aval\u00f3 ayer la reforma que permitir\u00e1 elevar aranceles a los productos de naciones de Asia y otras regiones con las que no se tienen [&hellip;]<\/p>\n","protected":false},"author":2,"featured_media":33393,"comment_status":"open","ping_status":"closed","sticky":false,"template":"","format":"standard","meta":{"footnotes":""},"categories":[11],"tags":[],"class_list":["post-33392","post","type-post","status-publish","format-standard","has-post-thumbnail","hentry","category-internacional"],"_links":{"self":[{"href":"https:\/\/xn--lavozdelamaanapuertomorelos-zuc.com\/index.php?rest_route=\/wp\/v2\/posts\/33392","targetHints":{"allow":["GET"]}}],"collection":[{"href":"https:\/\/xn--lavozdelamaanapuertomorelos-zuc.com\/index.php?rest_route=\/wp\/v2\/posts"}],"about":[{"href":"https:\/\/xn--lavozdelamaanapuertomorelos-zuc.com\/index.php?rest_route=\/wp\/v2\/types\/post"}],"author":[{"embeddable":true,"href":"https:\/\/xn--lavozdelamaanapuertomorelos-zuc.com\/index.php?rest_route=\/wp\/v2\/users\/2"}],"replies":[{"embeddable":true,"href":"https:\/\/xn--lavozdelamaanapuertomorelos-zuc.com\/index.php?rest_route=%2Fwp%2Fv2%2Fcomments&post=33392"}],"version-history":[{"count":1,"href":"https:\/\/xn--lavozdelamaanapuertomorelos-zuc.com\/index.php?rest_route=\/wp\/v2\/posts\/33392\/revisions"}],"predecessor-version":[{"id":33394,"href":"https:\/\/xn--lavozdelamaanapuertomorelos-zuc.com\/index.php?rest_route=\/wp\/v2\/posts\/33392\/revisions\/33394"}],"wp:featuredmedia":[{"embeddable":true,"href":"https:\/\/xn--lavozdelamaanapuertomorelos-zuc.com\/index.php?rest_route=\/wp\/v2\/media\/33393"}],"wp:attachment":[{"href":"https:\/\/xn--lavozdelamaanapuertomorelos-zuc.com\/index.php?rest_route=%2Fwp%2Fv2%2Fmedia&parent=33392"}],"wp:term":[{"taxonomy":"category","embeddable":true,"href":"https:\/\/xn--lavozdelamaanapuertomorelos-zuc.com\/index.php?rest_route=%2Fwp%2Fv2%2Fcategories&post=33392"},{"taxonomy":"post_tag","embeddable":true,"href":"https:\/\/xn--lavozdelamaanapuertomorelos-zuc.com\/index.php?rest_route=%2Fwp%2Fv2%2Ftags&post=33392"}],"curies":[{"name":"wp","href":"https:\/\/api.w.org\/{rel}","templated":true}]}}