{"id":26653,"date":"2025-05-04T08:42:02","date_gmt":"2025-05-04T13:42:02","guid":{"rendered":"https:\/\/puertomorelosnoticias.com\/?p=26653"},"modified":"2025-05-04T08:42:02","modified_gmt":"2025-05-04T13:42:02","slug":"sep-refuerza-el-sistema-de-universidades-del-bienestar","status":"publish","type":"post","link":"https:\/\/xn--lavozdelamaanapuertomorelos-zuc.com\/?p=26653","title":{"rendered":"SEP refuerza el sistema de Universidades del Bienestar"},"content":{"rendered":"<p>\ud83d\udd38Raquel Sosa mencion\u00f3 que para el ciclo escolar 2025-2026 se contempla la apertura de 20 nuevas sedes, con la meta de alcanzar las 300 en todo el pa\u00eds<\/p>\n<p>#NACIONAL || El Gobierno de M\u00e9xico consolida su apuesta por la educaci\u00f3n superior p\u00fablica y gratuita, al fortalecer el proyecto de las Universidades para el Bienestar Benito Ju\u00e1rez Garc\u00eda (UBBJ), que actualmente cuenta con 202 sedes, m\u00e1s de 85 mil estudiantes y casi 6 mil egresados titulados en todo el pa\u00eds.<\/p>\n<p>Durante la inauguraci\u00f3n del nuevo plantel de la UBBJ en el Parque Ecol\u00f3gico Lago de Texcoco, la titular del sistema, Raquel Sosa Elizaga, destac\u00f3 que este modelo educativo fue respaldado y ampliado por la Presidenta Claudia Sheinbaum, junto con la coordinaci\u00f3n del secretario de Educaci\u00f3n P\u00fablica, Mario Delgado Carrillo.<br \/>\nEl nuevo campus ofrece formaci\u00f3n en tres carreras: Medicina Integral y Salud Comunitaria, Ingenier\u00eda Civil, e Ingenier\u00eda Electromec\u00e1nica.<\/p>\n<p>Raquel Sosa mencion\u00f3 que para el ciclo escolar 2025-2026 se contempla la apertura de 20 nuevas sedes, con la meta de alcanzar las 300 en todo el pa\u00eds, lo que podr\u00eda representar una inversi\u00f3n de entre 7 mil y 8 mil millones de pesos en infraestructura educativa en los pr\u00f3ximos a\u00f1os.<\/p>\n","protected":false},"excerpt":{"rendered":"<p>\ud83d\udd38Raquel Sosa mencion\u00f3 que para el ciclo escolar 2025-2026 se contempla la apertura de 20 nuevas sedes, con la meta de alcanzar las 300 en todo el pa\u00eds #NACIONAL || El Gobierno de M\u00e9xico consolida su apuesta por la educaci\u00f3n superior p\u00fablica y gratuita, al fortalecer el proyecto de las Universidades para el Bienestar Benito [&hellip;]<\/p>\n","protected":false},"author":1,"featured_media":26655,"comment_status":"open","ping_status":"closed","sticky":false,"template":"","format":"standard","meta":{"footnotes":""},"categories":[3],"tags":[],"class_list":["post-26653","post","type-post","status-publish","format-standard","has-post-thumbnail","hentry","category-nacional"],"_links":{"self":[{"href":"https:\/\/xn--lavozdelamaanapuertomorelos-zuc.com\/index.php?rest_route=\/wp\/v2\/posts\/26653","targetHints":{"allow":["GET"]}}],"collection":[{"href":"https:\/\/xn--lavozdelamaanapuertomorelos-zuc.com\/index.php?rest_route=\/wp\/v2\/posts"}],"about":[{"href":"https:\/\/xn--lavozdelamaanapuertomorelos-zuc.com\/index.php?rest_route=\/wp\/v2\/types\/post"}],"author":[{"embeddable":true,"href":"https:\/\/xn--lavozdelamaanapuertomorelos-zuc.com\/index.php?rest_route=\/wp\/v2\/users\/1"}],"replies":[{"embeddable":true,"href":"https:\/\/xn--lavozdelamaanapuertomorelos-zuc.com\/index.php?rest_route=%2Fwp%2Fv2%2Fcomments&post=26653"}],"version-history":[{"count":0,"href":"https:\/\/xn--lavozdelamaanapuertomorelos-zuc.com\/index.php?rest_route=\/wp\/v2\/posts\/26653\/revisions"}],"wp:featuredmedia":[{"embeddable":true,"href":"https:\/\/xn--lavozdelamaanapuertomorelos-zuc.com\/index.php?rest_route=\/wp\/v2\/media\/26655"}],"wp:attachment":[{"href":"https:\/\/xn--lavozdelamaanapuertomorelos-zuc.com\/index.php?rest_route=%2Fwp%2Fv2%2Fmedia&parent=26653"}],"wp:term":[{"taxonomy":"category","embeddable":true,"href":"https:\/\/xn--lavozdelamaanapuertomorelos-zuc.com\/index.php?rest_route=%2Fwp%2Fv2%2Fcategories&post=26653"},{"taxonomy":"post_tag","embeddable":true,"href":"https:\/\/xn--lavozdelamaanapuertomorelos-zuc.com\/index.php?rest_route=%2Fwp%2Fv2%2Ftags&post=26653"}],"curies":[{"name":"wp","href":"https:\/\/api.w.org\/{rel}","templated":true}]}}