{"id":24230,"date":"2025-03-05T10:12:58","date_gmt":"2025-03-05T15:12:58","guid":{"rendered":"https:\/\/puertomorelosnoticias.com\/?p=24230"},"modified":"2025-03-05T10:12:58","modified_gmt":"2025-03-05T15:12:58","slug":"ciclon-ramirez-leyenda-de-la-lucha-libre-mexicana-fallece-a-los-64-anos","status":"publish","type":"post","link":"https:\/\/xn--lavozdelamaanapuertomorelos-zuc.com\/?p=24230","title":{"rendered":"Cicl\u00f3n Ram\u00edrez, leyenda de la lucha libre mexicana fallece a los 64 a\u00f1os"},"content":{"rendered":"<p>\ud83d\udd38 La afici\u00f3n de la lucha libre comparti\u00f3 su tristeza ante la noticia<\/p>\n<p>#DEPORTES | Cicl\u00f3n Ram\u00edrez, una de la m\u00e1s importantes figuras de la lucha libre mexicana en la d\u00e9cada de 1990 falleci\u00f3 el d\u00eda de ayer a los 64 a\u00f1os.<\/p>\n<p>Un golpe fuerte para los fan\u00e1ticos al pancracio, que no dudaron en compartir su tristeza por la perdida del gladiador, quien inici\u00f3 su trayectoria en 1982 en Tamaulipas.<\/p>\n<p>Fue mediante redes sociales, que familiares y amigos confirmaron la muerte del luchador, agradeciendo el apoyo de la afici\u00f3n durante la carrera de la figura de los encordados.<\/p>\n<p>\u00abCon profundo pesar lamentamos informar que el d\u00eda de hoy ha fallecido nuestro querido Celso Reyes Daza \u2018Cicl\u00f3n Ram\u00edrez\u2019, \u2018El Rey del Tope\u2019, y su legado siempre vivir\u00e1 en la memoria de su familia, amigos y noble afici\u00f3n. Descanse en paz\u201d, se puede leer en la publicaci\u00f3n.<\/p>\n<p>Conocido como El Rey del Tope, gracias a sus habilidades a\u00e9reas, Celso Reyes Daza, nombre real del luchador tuvo importantes rivalidades, perdiendo la m\u00e1scara en la Arena M\u00e9xico el 09 de julio de 1993 ante el Felino.<\/p>\n<p>Cicl\u00f3n Ram\u00edrez, quien tambi\u00e9n utiliz\u00f3 personajes como Pegaso, Mr. Ram\u00edrez y Tibur\u00f3n, form\u00f3 parte de la tercia conocida como Las Saetas del Ring junto a \u00c1guila Solitaria y El Pantera II, ganando varios campeonatos por el pa\u00eds.<\/p>\n","protected":false},"excerpt":{"rendered":"<p>\ud83d\udd38 La afici\u00f3n de la lucha libre comparti\u00f3 su tristeza ante la noticia #DEPORTES | Cicl\u00f3n Ram\u00edrez, una de la m\u00e1s importantes figuras de la lucha libre mexicana en la d\u00e9cada de 1990 falleci\u00f3 el d\u00eda de ayer a los 64 a\u00f1os. Un golpe fuerte para los fan\u00e1ticos al pancracio, que no dudaron en compartir [&hellip;]<\/p>\n","protected":false},"author":1,"featured_media":24232,"comment_status":"open","ping_status":"closed","sticky":false,"template":"","format":"standard","meta":{"footnotes":""},"categories":[5],"tags":[],"class_list":["post-24230","post","type-post","status-publish","format-standard","has-post-thumbnail","hentry","category-deportes"],"_links":{"self":[{"href":"https:\/\/xn--lavozdelamaanapuertomorelos-zuc.com\/index.php?rest_route=\/wp\/v2\/posts\/24230","targetHints":{"allow":["GET"]}}],"collection":[{"href":"https:\/\/xn--lavozdelamaanapuertomorelos-zuc.com\/index.php?rest_route=\/wp\/v2\/posts"}],"about":[{"href":"https:\/\/xn--lavozdelamaanapuertomorelos-zuc.com\/index.php?rest_route=\/wp\/v2\/types\/post"}],"author":[{"embeddable":true,"href":"https:\/\/xn--lavozdelamaanapuertomorelos-zuc.com\/index.php?rest_route=\/wp\/v2\/users\/1"}],"replies":[{"embeddable":true,"href":"https:\/\/xn--lavozdelamaanapuertomorelos-zuc.com\/index.php?rest_route=%2Fwp%2Fv2%2Fcomments&post=24230"}],"version-history":[{"count":0,"href":"https:\/\/xn--lavozdelamaanapuertomorelos-zuc.com\/index.php?rest_route=\/wp\/v2\/posts\/24230\/revisions"}],"wp:featuredmedia":[{"embeddable":true,"href":"https:\/\/xn--lavozdelamaanapuertomorelos-zuc.com\/index.php?rest_route=\/wp\/v2\/media\/24232"}],"wp:attachment":[{"href":"https:\/\/xn--lavozdelamaanapuertomorelos-zuc.com\/index.php?rest_route=%2Fwp%2Fv2%2Fmedia&parent=24230"}],"wp:term":[{"taxonomy":"category","embeddable":true,"href":"https:\/\/xn--lavozdelamaanapuertomorelos-zuc.com\/index.php?rest_route=%2Fwp%2Fv2%2Fcategories&post=24230"},{"taxonomy":"post_tag","embeddable":true,"href":"https:\/\/xn--lavozdelamaanapuertomorelos-zuc.com\/index.php?rest_route=%2Fwp%2Fv2%2Ftags&post=24230"}],"curies":[{"name":"wp","href":"https:\/\/api.w.org\/{rel}","templated":true}]}}